{"id":8976,"date":"2011-07-06T21:30:31","date_gmt":"2011-07-06T19:30:31","guid":{"rendered":"http:\/\/www.menzaprikoritu.org\/?p=8976"},"modified":"2021-11-26T23:35:57","modified_gmt":"2021-11-26T22:35:57","slug":"festival-osebno-kolektivno-koncerti-manjsih-zasedb-2","status":"publish","type":"post","link":"https:\/\/menzaprikoritu.kudmreza.org\/?p=8976","title":{"rendered":"Festival Osebno &#8211; kolektivno: koncerti manj\u0161ih zasedb"},"content":{"rendered":"<p><strong><a href=\"http:\/\/www.kudmreza.org\/osebnokolektivno\">www.kudmreza.org\/osebnokolektivno<br \/>\n<\/a><\/strong><\/p>\n<p><strong>21.00-22.30 kombinacije 3<br \/>\n<\/strong>&#8211; Marc Perron-Bailly, Ivan Palacky, Ne\u017ea Nagli\u010d<br \/>\n&#8211; Paul Wenninger, Enrico Malatesta, Slavo Krekovi\u010d<br \/>\n&#8211; Irena Toma\u017ein, Annette Krebs, Danijel Marin\u010di\u010d <\/p>\n<p><strong>22.30-23.00 kombinacije 4  <\/strong><br \/>\n&#8211; Ne\u017ea Nagli\u010d, Danijel Marin\u010di\u010d, Slavo Krekovi\u010d<br \/>\n&#8211; Irena Toma\u017ein, Ivan Palacky, Miro T\u00f3th <\/p>\n<p><strong>23.00-00.30 Kompozicija Seijira Murayame. <\/strong><br \/>\n<strong>Prva skupina: <\/strong><br \/>\nNe\u017ea Nagli\u010d, Ryuzo Fukuhara, Paul Wenninger, Ivan Palacky, Franz Hautzinger, Irena Toma\u017ein, Annette Krebs<br \/>\n<strong>Druga skupina:<\/strong> Slavo Krekovi\u010d, Toma\u017e Grom, Ga\u00ebl Leveugle, Danijel Marin\u010di\u010d, Fran\u00e7ois Bidault, Nikos Veliotis<br \/>\n<strong>Tretja skupina: <\/strong>Enrico Malatesta, Dimitra Lazaridou Chatzigoga, Nhandan Chirco, Marc Perron-Bailly, Jean-Luc Guionnet, Miro T\u00f3th<\/p>\n<p><strong>Sodelujejo:<\/strong><br \/>\n<strong>Nikos Veliotis <\/strong>(Gr\u010dija) \u2013 G, <strong>Dimitra Lazaridou Chatzigoga <\/strong>(Gr\u010dija) \u2013 G, <strong>Annette Krebs<\/strong> (Nem\u010dija) &#8211; G, <strong>Ivan Palacky<\/strong> (\u010ce\u0161ka) &#8211; G, <strong>Seijiro Murayama<\/strong> (Japonska) &#8211; G,<strong> Enrico Malatesta <\/strong>(Italija) &#8211; G, <strong>Franz Hautzinger <\/strong>(Avstrija) &#8211; G, <strong>Jean-Luc Guionnet<\/strong> (Francija) &#8211; G, <strong>Marc Perron-Bailly <\/strong>(Francija) &#8211; V, <strong>Ga\u00ebl Leveugle<\/strong> (Francija) &#8211; T, <strong>Fran\u00e7ois Bidault <\/strong>(Francija) &#8211; V, <strong>Nhandan Chirco <\/strong>(Italija) &#8211; PL\/P, <strong>Danijel Marin\u010di\u010d<\/strong> (Slovenija) &#8211; G, <strong>Ne\u017ea Nagli\u010d <\/strong>(Slovenija) &#8211; G,<strong> Irena Toma\u017ein <\/strong>(Slovenija) &#8211; G, <strong>Toma\u017e Grom<\/strong> (Slovenija) &#8211; M\/PL, <strong>Ryuzo Fukuhara <\/strong>(Slovenija) &#8211; PL, <strong>Paul Wenninger <\/strong>(Avstrija) &#8211; P,<strong> Miro T\u00f3th<\/strong> (Slova\u0161ka) &#8211; G, <strong>Slavo Krekovi\u010d<\/strong> (Slova\u0161ka) &#8211; G<br \/>\n<em><strong>(G: glasba, PL: ples, V: vizualna umetnost, T: teater, P: performans)<\/strong><\/em><\/p>\n<p><strong><br \/>\nVstop prost.<\/strong><br \/>\n<strong>Foto: <\/strong>Andrea Siegl.<br \/>\n<strong>Koproducent:<\/strong> Art sredi\u0161\u010de.<br \/>\n<strong>Soorganizacija:<\/strong> Kud Mre\u017ea, Bitshift &#8211; serija zvo\u010dnih dogodkov in predavanj \/ Galerija Kapelica, Menza pri koritu.<\/p>\n<p><img loading=\"lazy\" decoding=\"async\" src=\"https:\/\/menzaprikoritu.kudmreza.org\/wp-content\/uploads\/2011\/06\/ok2010_andrea_5.jpg\" alt=\"ok2010_andrea_5\"  width=\"580\" height=\"388\" class=\"alignleft size-full wp-image-8977\" \/><\/p>\n<p><img loading=\"lazy\" decoding=\"async\" src=\"https:\/\/menzaprikoritu.kudmreza.org\/wp-content\/uploads\/2011\/06\/ok2010_andrea6.jpg\" alt=\"ok2010_andrea6\"  width=\"580\" height=\"388\" class=\"alignleft size-full wp-image-8978\" \/><\/p>\n<p><img loading=\"lazy\" decoding=\"async\" src=\"https:\/\/menzaprikoritu.kudmreza.org\/wp-content\/uploads\/2011\/07\/ok2010_andrea_7.jpg\" alt=\"ok2010_andrea_7\"  width=\"580\" height=\"388\" class=\"alignleft size-full wp-image-8980\" \/><br \/>\n________________<\/p>\n<p><strong>Recenziji:<\/strong><br \/>\n&#8211; \u017diga Pucelj, <a href=\"http:\/\/www.radiostudent.si\/glasba\/r%C5%A1-recenzija\/osebno-kolektivno-bitshift\">Osebno-Kolektivno\/ Bitshift!!!<\/a>, Radio \u0160tudent, 8. 7. 2011.<br \/>\n&#8211; Marko Karlov\u010dec, <a href=\"http:\/\/old.radiostudent.si\/article.php?sid=28449\">Osebno-Kolektivno: refleksija!!!<\/a>, Radio \u0160tudent, 11. 7. 2011.<\/p>\n<p><strong>Reporta\u017ea:<\/strong><br \/>\n&#8211; Andrej Pezelj, <a href=\"http:\/\/old.radiostudent.si\/article.php?sid=28419\">Osebno-kolektivni zvok: Reporta\u017ea s festivala Osebno-kolektivno<\/a>. Radio \u0160tudent, 8. 7. 2011.<\/p>\n","protected":false},"excerpt":{"rendered":"<p><strong>Recenziji:<\/strong><br \/>\n&#8211; \u017diga Pucelj, <a href=\"http:\/\/www.radiostudent.si\/glasba\/r%C5%A1-recenzija\/osebno-kolektivno-bitshift\">Radio \u0160tudent<\/a>.<br \/>\n&#8211; Marko Karlov\u010dec, <a href=\"http:\/\/old.radiostudent.si\/article.php?sid=28449\">Radio \u0160tudent<\/a>.<\/p>\n<p><strong>Reporta\u017ea:<\/strong><br \/>\n&#8211; Andrej Pezelj, <a href=\"http:\/\/old.radiostudent.si\/article.php?sid=28419\">Radio \u0160tudent<\/a>. <\/p>\n","protected":false},"author":9,"featured_media":0,"comment_status":"open","ping_status":"closed","sticky":false,"template":"","format":"standard","meta":{"footnotes":""},"categories":[8],"tags":[],"class_list":["post-8976","post","type-post","status-publish","format-standard","hentry","category-program"],"_links":{"self":[{"href":"https:\/\/menzaprikoritu.kudmreza.org\/index.php?rest_route=\/wp\/v2\/posts\/8976","targetHints":{"allow":["GET"]}}],"collection":[{"href":"https:\/\/menzaprikoritu.kudmreza.org\/index.php?rest_route=\/wp\/v2\/posts"}],"about":[{"href":"https:\/\/menzaprikoritu.kudmreza.org\/index.php?rest_route=\/wp\/v2\/types\/post"}],"author":[{"embeddable":true,"href":"https:\/\/menzaprikoritu.kudmreza.org\/index.php?rest_route=\/wp\/v2\/users\/9"}],"replies":[{"embeddable":true,"href":"https:\/\/menzaprikoritu.kudmreza.org\/index.php?rest_route=%2Fwp%2Fv2%2Fcomments&post=8976"}],"version-history":[{"count":1,"href":"https:\/\/menzaprikoritu.kudmreza.org\/index.php?rest_route=\/wp\/v2\/posts\/8976\/revisions"}],"predecessor-version":[{"id":31462,"href":"https:\/\/menzaprikoritu.kudmreza.org\/index.php?rest_route=\/wp\/v2\/posts\/8976\/revisions\/31462"}],"wp:attachment":[{"href":"https:\/\/menzaprikoritu.kudmreza.org\/index.php?rest_route=%2Fwp%2Fv2%2Fmedia&parent=8976"}],"wp:term":[{"taxonomy":"category","embeddable":true,"href":"https:\/\/menzaprikoritu.kudmreza.org\/index.php?rest_route=%2Fwp%2Fv2%2Fcategories&post=8976"},{"taxonomy":"post_tag","embeddable":true,"href":"https:\/\/menzaprikoritu.kudmreza.org\/index.php?rest_route=%2Fwp%2Fv2%2Ftags&post=8976"}],"curies":[{"name":"wp","href":"https:\/\/api.w.org\/{rel}","templated":true}]}}