{"id":3983,"date":"2010-09-10T22:30:51","date_gmt":"2010-09-10T20:30:51","guid":{"rendered":"http:\/\/www.menzaprikoritu.org\/?p=3983"},"modified":"2021-11-26T23:39:46","modified_gmt":"2021-11-26T22:39:46","slug":"17-obletnica-metelkove-mesta-vlasta-popic-hrvaska-in-dj-vuk","status":"publish","type":"post","link":"https:\/\/menzaprikoritu.kudmreza.org\/?p=3983","title":{"rendered":"17. obletnica Metelkove mesta: Vlasta Popi\u0107 (Hrva\u0161ka) in DJ Vuk"},"content":{"rendered":"<p><span style=\"text-decoration: underline;\"><strong>Vlasta Popi\u0107<\/strong><strong><\/strong><\/span> (Hrva\u0161ka)<br \/>\nPod tem imenom se skriva energi\u010dni vara\u017edinski trojec, ki tradicijo <strong>novovalovskega panka zdru\u017euje z indie-rockom 21. stoletja.<\/strong> Zasedba obstaja dobri dve leti, doslej pa je z nekaj odli\u010dnimi koncerti na Hrva\u0161kem in v Sloveniji prepri\u010dala kritike, ki pravijo, da so Vlasta Popi\u0107 vse to, kar bi <strong>Repetitor <\/strong>hoteli biti. To lahko preverite tudi na njihovem EP-ju, ki ga med drugim delijo v posluh prek brezpla\u010dnega pretoka s spleta.<\/p>\n<p><iframe loading=\"lazy\" width=\"450\" height=\"253\" src=\"\/\/www.youtube.com\/embed\/jlsyaww3Dpc?feature=player_detailpage\" frameborder=\"0\" allowfullscreen><\/iframe><\/p>\n<p><iframe loading=\"lazy\" width=\"450\" height=\"253\" src=\"\/\/www.youtube.com\/embed\/jlsyaww3Dpc?feature=player_detailpage\" frameborder=\"0\" allowfullscreen><\/iframe><\/p>\n<p><strong><br \/>\nZasedba:<\/strong><br \/>\n<strong>Ivan \u0160\u010dapec &#8211; Iv\u010da <\/strong>(kitara, bas, vokal)<br \/>\n<strong>Dra\u017een Hi\u017eak &#8211; Ri\u017ea <\/strong>(bas, kitara)<br \/>\n<strong>Tena Rak (bobni, vokal)<\/strong><\/p>\n<p><span style=\"text-decoration: underline;\"><strong>Dragan Vukovi\u0107 aka DJ Vuk<\/strong> <strong><\/strong><\/span> (Slovenija)<br \/>\nPrazni\u010dni dan v Menzi pri koritu bo zaklju\u010dil DJ Vuk, alterego Dragana Vukovi\u0107a, glasbenega novinarja in urednika radijske oddaje \u00bbAnatomija zvuka\u00ab na Radiu Bosna ter koncertnega organizatorja. Vukovi\u0107 je kot DJ nastopil v klubih nekdanje Jugoslavije, v Italiji, Nem\u010diji, na Mad\u017earskem in v Franciji.<\/p>\n<p><strong>Povezava:<\/strong><br \/>\n<a href=\"http:\/\/www.myspace.com\/vlastapopic\">myspace.com\/vlastapopic<\/a><\/p>\n<p><strong>Vstop prost!<br \/>\nOrganizacija:<\/strong> Menza pri koritu.<\/p>\n<p><img loading=\"lazy\" decoding=\"async\" class=\"alignleft size-full wp-image-3984\"  src=\"https:\/\/menzaprikoritu.kudmreza.org\/wp-content\/uploads\/2010\/08\/vlastapopic.jpg\" alt=\"vlastapopic\" width=\"450\" height=\"306\" \/><\/p>\n","protected":false},"excerpt":{"rendered":"<p>Kritiki pravijo, da so Vlasta Popi\u0107 vse to, kar bi Repetitor hoteli biti!<\/p>\n","protected":false},"author":2,"featured_media":0,"comment_status":"open","ping_status":"closed","sticky":false,"template":"","format":"standard","meta":{"footnotes":""},"categories":[8],"tags":[],"class_list":["post-3983","post","type-post","status-publish","format-standard","hentry","category-program"],"_links":{"self":[{"href":"https:\/\/menzaprikoritu.kudmreza.org\/index.php?rest_route=\/wp\/v2\/posts\/3983","targetHints":{"allow":["GET"]}}],"collection":[{"href":"https:\/\/menzaprikoritu.kudmreza.org\/index.php?rest_route=\/wp\/v2\/posts"}],"about":[{"href":"https:\/\/menzaprikoritu.kudmreza.org\/index.php?rest_route=\/wp\/v2\/types\/post"}],"author":[{"embeddable":true,"href":"https:\/\/menzaprikoritu.kudmreza.org\/index.php?rest_route=\/wp\/v2\/users\/2"}],"replies":[{"embeddable":true,"href":"https:\/\/menzaprikoritu.kudmreza.org\/index.php?rest_route=%2Fwp%2Fv2%2Fcomments&post=3983"}],"version-history":[{"count":1,"href":"https:\/\/menzaprikoritu.kudmreza.org\/index.php?rest_route=\/wp\/v2\/posts\/3983\/revisions"}],"predecessor-version":[{"id":31956,"href":"https:\/\/menzaprikoritu.kudmreza.org\/index.php?rest_route=\/wp\/v2\/posts\/3983\/revisions\/31956"}],"wp:attachment":[{"href":"https:\/\/menzaprikoritu.kudmreza.org\/index.php?rest_route=%2Fwp%2Fv2%2Fmedia&parent=3983"}],"wp:term":[{"taxonomy":"category","embeddable":true,"href":"https:\/\/menzaprikoritu.kudmreza.org\/index.php?rest_route=%2Fwp%2Fv2%2Fcategories&post=3983"},{"taxonomy":"post_tag","embeddable":true,"href":"https:\/\/menzaprikoritu.kudmreza.org\/index.php?rest_route=%2Fwp%2Fv2%2Ftags&post=3983"}],"curies":[{"name":"wp","href":"https:\/\/api.w.org\/{rel}","templated":true}]}}