{"id":27850,"date":"2007-09-07T22:00:19","date_gmt":"2007-09-07T20:00:19","guid":{"rendered":"http:\/\/www.menzaprikoritu.org\/?p=27850"},"modified":"2021-11-26T23:42:52","modified_gmt":"2021-11-26T22:42:52","slug":"koko-mandovi","status":"publish","type":"post","link":"https:\/\/menzaprikoritu.kudmreza.org\/?p=27850","title":{"rendered":"14. obletnica Metelkove: Koko &#038; Mandovi (Slovenija)"},"content":{"rendered":"<p>Vokalno-instrumentalni oktet <strong>Koko &#038; Mandovi <\/strong>igra romsko glasbo. \u010clani skupine so igrali tudi v skupinah <strong>\u0160ukar <\/strong>(<strong>Nenad Kokovi\u0107 &#8211; Koko<\/strong>, bra\u010d) in <strong>Vali <\/strong>(<strong>Milan Bijeljac<\/strong>, kitara). Iz ljubezni do etna, posebej do romske glasbe, so ustanovili skupino, ki je poznana in priznana tudi izven meja Slovenije. Obstaja od leta 2004, za seboj pa ima kar nekaj uspe\u0161nih nastopov &#8211; igrala je v Narodnem domu v Mariboru, na Pre\u0161ernovem trgu v Ljubljani, na mariborskem festivalu Lent, ob svetovnem dnevu Romov, 8. aprila 2006, pa tudi v KUD-u France Pre\u0161eren. Pred izidom je njihov prvi album Kamipe. <\/p>\n<p>Repertoar zasedbe Koko &#038; Mandovi je zelo pester, saj vire \u010drpa z razli\u010dnih koncev Balkana, kjer se zadr\u017eujejo in \u017eivijo Romi. Pod tem vplivom so nastale tudi avtorske skladbe, prirejene na na\u010din, ki bi lahko koketiral z rokenrolom. Pravo sliko o skupini pa poslu\u0161alec in poslu\u0161alka dobita \u0161ele na koncertu, kjer ju \u010daka triurni nastop &#8211; seveda brez pavze! <\/p>\n<p><strong>Zasedba: <\/strong><br \/>\n<strong>Enver Memi\u0161 <\/strong>&#8211; vokal<br \/>\n<strong>Nenad Kokovi\u0107 <\/strong>&#8211; bra\u010d<br \/>\n<strong>Budimir Babi\u0107 <\/strong>&#8211; bas kitara<br \/>\n<strong>Milan Bijeljac <\/strong>&#8211; kitara<br \/>\n<strong>Boris \u0160prajc<\/strong> &#8211; bobni<br \/>\n<strong>Miomir Mijatovi\u0107 <\/strong>&#8211; harmonika<br \/>\n<strong>Sanja Kajdi\u017e <\/strong>&#8211; spremljevalni vokali<br \/>\n<strong>Irena Drobe\u017e<\/strong> &#8211; spremljevalni vokali<\/p>\n<p><strong>Organizacija:<\/strong> Kud Mre\u017ea.<\/p>\n<p><img loading=\"lazy\" decoding=\"async\" src=\"https:\/\/menzaprikoritu.kudmreza.org\/wp-content\/uploads\/2006\/09\/koko-i-mandovi.jpg\" alt=\"koko-i-mandovi\"  width=\"300\" height=\"199\" class=\"alignnone size-full wp-image-20608\" \/><\/p>\n","protected":false},"excerpt":{"rendered":"<p>14. obletnica Metelkove mesta.<\/p>\n","protected":false},"author":9,"featured_media":0,"comment_status":"open","ping_status":"closed","sticky":false,"template":"","format":"standard","meta":{"footnotes":""},"categories":[8],"tags":[],"class_list":["post-27850","post","type-post","status-publish","format-standard","hentry","category-program"],"_links":{"self":[{"href":"https:\/\/menzaprikoritu.kudmreza.org\/index.php?rest_route=\/wp\/v2\/posts\/27850","targetHints":{"allow":["GET"]}}],"collection":[{"href":"https:\/\/menzaprikoritu.kudmreza.org\/index.php?rest_route=\/wp\/v2\/posts"}],"about":[{"href":"https:\/\/menzaprikoritu.kudmreza.org\/index.php?rest_route=\/wp\/v2\/types\/post"}],"author":[{"embeddable":true,"href":"https:\/\/menzaprikoritu.kudmreza.org\/index.php?rest_route=\/wp\/v2\/users\/9"}],"replies":[{"embeddable":true,"href":"https:\/\/menzaprikoritu.kudmreza.org\/index.php?rest_route=%2Fwp%2Fv2%2Fcomments&post=27850"}],"version-history":[{"count":1,"href":"https:\/\/menzaprikoritu.kudmreza.org\/index.php?rest_route=\/wp\/v2\/posts\/27850\/revisions"}],"predecessor-version":[{"id":32588,"href":"https:\/\/menzaprikoritu.kudmreza.org\/index.php?rest_route=\/wp\/v2\/posts\/27850\/revisions\/32588"}],"wp:attachment":[{"href":"https:\/\/menzaprikoritu.kudmreza.org\/index.php?rest_route=%2Fwp%2Fv2%2Fmedia&parent=27850"}],"wp:term":[{"taxonomy":"category","embeddable":true,"href":"https:\/\/menzaprikoritu.kudmreza.org\/index.php?rest_route=%2Fwp%2Fv2%2Fcategories&post=27850"},{"taxonomy":"post_tag","embeddable":true,"href":"https:\/\/menzaprikoritu.kudmreza.org\/index.php?rest_route=%2Fwp%2Fv2%2Ftags&post=27850"}],"curies":[{"name":"wp","href":"https:\/\/api.w.org\/{rel}","templated":true}]}}