{"id":27762,"date":"2014-07-05T21:00:59","date_gmt":"2014-07-05T19:00:59","guid":{"rendered":"http:\/\/www.menzaprikoritu.org\/?p=27762"},"modified":"2021-11-26T23:23:04","modified_gmt":"2021-11-26T22:23:04","slug":"karavana-iluzij-sreca-zvok-in-luc","status":"publish","type":"post","link":"https:\/\/menzaprikoritu.kudmreza.org\/?p=27762","title":{"rendered":"Karavana iluzij sre\u010da Zvok in lu\u010d"},"content":{"rendered":"<p><strong>Udele\u017eenci projekta<em> Zvok in lu\u010d \u2013 usposabljanje v prireditveni tehniki<\/em> bodo v sklopu dvodnevnega promocijskega dogodka pred koncem projekta predstavili pridobljeno znanje s podro\u010dja osvetljevanja in ozvo\u010devanja koncertov.<\/strong><\/p>\n<p>&#8212;<\/p>\n<p><u><strong>O nastopajo\u010dih:<\/strong><\/u><br \/>\n<strong>Karavana iluzij<\/strong> je skupina kreativnih in inovativnih glasbenikov iz razli\u010dnih dr\u017eav. Razvili so prepoznaven ustvarjalni pristop, v katerem gre za prepletanje elementov raznih glasbenih zvrsti. V njihovi glasbi lahko sli\u0161ite elemente swinga, sambe, funka in glasbe vzhodnega Balkana. Njihov nastop je napolnjen z igrivo improvizacijo in energi\u010dnimi skupnimi linijami ter medsebojno osebno in glasbeno povezanostjo. S podporo Ministrstva za kulturo in JSKD, je skupina posnela in izdala dve zgo\u0161\u010denki. <\/p>\n<p>Uspe\u0161no so se  predstavili na doma\u010dih in tujih festivalih (Lent, No\u010di v stari Ljubljani, Mesto \u017eensk, ArtPtuj festivalu, JEFF festivalu, FIMU Francija, Mozaik Poletja, Dnevi Kulture Celje, Etno Festival Banska Bystrica Slova\u0161ka, Trn Fest, Zmaj ma mlade, Rde\u010de Zore..) ter manj\u0161ih odrih.<\/p>\n<p><iframe loading=\"lazy\" width=\"450\" height=\"253\" src=\"\/\/www.youtube.com\/embed\/tC4t-E2DtE0\" frameborder=\"0\" allowfullscreen><\/iframe><\/p>\n<p><iframe loading=\"lazy\" width=\"450\" height=\"253\" src=\"\/\/www.youtube.com\/embed\/DWu5Kgb5PGI\" frameborder=\"0\" allowfullscreen><\/iframe><\/p>\n<p><strong>Povezava:<\/strong> <a href=\"http:\/\/karavanailuzij.bandcamp.com\/\">karavanailuzij.bandcamp.com<\/a><\/p>\n<p>&#8212;<\/p>\n<p>Dodatne informacije o projektu <strong>Zvok in lu\u010d \u2013 usposabljanje v prireditveni tehniki<\/strong> na: <a href=\"https:\/\/menzaprikoritu.kudmreza.org\/?page_id=20824\">menzaprikoritu.kudmreza.org<\/a> in <a href=\"http:\/\/www.kudmreza.org\/?cat=7\">kudmreza.org<\/a>. <a href=\"https:\/\/www.facebook.com\/kud.mreza\/media_set?set=a.208722282633549.1073741827.100004873361647&#038;type=3\">Fotografije<\/a> z usposabljanja.<\/p>\n<p><strong>Prost vstop.<\/strong><br \/>\n<strong>Organizacija:<\/strong> Kud Mre\u017ea.<\/p>\n<img loading=\"lazy\" decoding=\"async\" src=\"https:\/\/menzaprikoritu.kudmreza.org\/wp-content\/uploads\/2014\/07\/vsi.jpg\"  alt=\"vsi\" width=\"450\" height=\"48\" class=\"alignnone size-full wp-image-28040\" \/>\n<p><strong><br \/>\nProjekt se financira iz Operativnega programa razvoja \u010dlove\u0161kih virov za obdobje 2007\u20132013, razvojne prioritete \u00bbEnakost mo\u017enosti in spodbujanje socialne vklju\u010denosti\u00ab, prednostne usmeritve \u00bbDvig zaposljivosti ranljivih dru\u017ebenih skupin na podro\u010dju kulture in njihove socialne vklju\u010denosti\u00ab.<br \/>\n<\/strong><br \/>\n<img loading=\"lazy\" decoding=\"async\" src=\"https:\/\/menzaprikoritu.kudmreza.org\/wp-content\/uploads\/2014\/07\/3-medijsko_plakat-page-001.jpg\" alt=\"3-medijsko_plakat-page-001\"  width=\"1754\" height=\"2480\" class=\"alignnone size-full wp-image-27968\" \/><\/p>\n<p><img loading=\"lazy\" decoding=\"async\" src=\"https:\/\/menzaprikoritu.kudmreza.org\/wp-content\/uploads\/2014\/06\/karavana-i.jpg\" alt=\"karavana-i\"  width=\"600\" height=\"400\" class=\"alignnone size-full wp-image-27763\" \/><\/p>\n","protected":false},"excerpt":{"rendered":"<p>Promocijski dogodek in zaklju\u010dni izpit udele\u017eencev usposabljanja pred koncem projekta Zvok in lu\u010d \u2013 usposabljanje v prireditveni tehniki. Nastopajo: Karavana iluzij in gostje.<\/p>\n","protected":false},"author":9,"featured_media":0,"comment_status":"open","ping_status":"closed","sticky":false,"template":"","format":"standard","meta":{"footnotes":""},"categories":[8],"tags":[],"class_list":["post-27762","post","type-post","status-publish","format-standard","hentry","category-program"],"_links":{"self":[{"href":"https:\/\/menzaprikoritu.kudmreza.org\/index.php?rest_route=\/wp\/v2\/posts\/27762","targetHints":{"allow":["GET"]}}],"collection":[{"href":"https:\/\/menzaprikoritu.kudmreza.org\/index.php?rest_route=\/wp\/v2\/posts"}],"about":[{"href":"https:\/\/menzaprikoritu.kudmreza.org\/index.php?rest_route=\/wp\/v2\/types\/post"}],"author":[{"embeddable":true,"href":"https:\/\/menzaprikoritu.kudmreza.org\/index.php?rest_route=\/wp\/v2\/users\/9"}],"replies":[{"embeddable":true,"href":"https:\/\/menzaprikoritu.kudmreza.org\/index.php?rest_route=%2Fwp%2Fv2%2Fcomments&post=27762"}],"version-history":[{"count":1,"href":"https:\/\/menzaprikoritu.kudmreza.org\/index.php?rest_route=\/wp\/v2\/posts\/27762\/revisions"}],"predecessor-version":[{"id":29771,"href":"https:\/\/menzaprikoritu.kudmreza.org\/index.php?rest_route=\/wp\/v2\/posts\/27762\/revisions\/29771"}],"wp:attachment":[{"href":"https:\/\/menzaprikoritu.kudmreza.org\/index.php?rest_route=%2Fwp%2Fv2%2Fmedia&parent=27762"}],"wp:term":[{"taxonomy":"category","embeddable":true,"href":"https:\/\/menzaprikoritu.kudmreza.org\/index.php?rest_route=%2Fwp%2Fv2%2Fcategories&post=27762"},{"taxonomy":"post_tag","embeddable":true,"href":"https:\/\/menzaprikoritu.kudmreza.org\/index.php?rest_route=%2Fwp%2Fv2%2Ftags&post=27762"}],"curies":[{"name":"wp","href":"https:\/\/api.w.org\/{rel}","templated":true}]}}