{"id":27573,"date":"2014-06-05T22:00:53","date_gmt":"2014-06-05T20:00:53","guid":{"rendered":"http:\/\/www.menzaprikoritu.org\/?p=27573"},"modified":"2021-11-26T23:23:08","modified_gmt":"2021-11-26T22:23:08","slug":"confine-aperto-koch-badrutt-nemcijasvica-vid-drasler-slovenija","status":"publish","type":"post","link":"https:\/\/menzaprikoritu.kudmreza.org\/?p=27573","title":{"rendered":"Confine aperto: Koch \u2013 Badrutt (Nem\u010dija\/\u0160vica), Vid Dra\u0161ler (Slovenija)"},"content":{"rendered":"<p><span style=\"text-decoration: underline;\"><strong>Koch \/ Badrutt <\/strong><\/span><br \/>\n<strong>Hans Koch<\/strong> \u2013 basovski klarinet, sopranski saksofon<br \/>\n<strong>Gaudenz Badrutt<\/strong> \u2013 elektronika<\/p>\n<p>Basovski klarinetist in komponist <strong>Hans Koch<\/strong> ter elektronski glasbenik <strong>Gaudenz Badrutt<\/strong> \u017ee vrsto let sodelujeta v razli\u010dnih glasbenih projektih. V duu, s katerim sta posnela CD <strong><em>Social Insects<\/em><\/strong> muzicirata od leta 2011.<\/p>\n<p><img loading=\"lazy\" decoding=\"async\" src=\"https:\/\/menzaprikoritu.kudmreza.org\/wp-content\/uploads\/2014\/05\/koch-badrutt.jpg\"  alt=\"koch-badrutt\" width=\"450\" height=\"299\" class=\"alignnone size-full wp-image-27575\" \/> Foto: Ryoichi Aratani<\/p>\n<p>Hans Koch je znan predvsem kot \u010dlan Hardcore Chambermusic tria <strong>Koch &#8211; Sch\u00fctz &#8211; Studer<\/strong>, njegovi sodelavci pa so tudi<strong> Phil Minton, Fred Frith, Paul Lovens, Evan Parker, Barry Guy, Paul Bley, Fennesz&#8230;<\/strong> Razvil je osebni slog muziciranja, ki temelji na ideji \u00bbve\u010d razmisleka \u2013 manj materijala\u00ab.<\/p>\n<p>Pianist in elektronski glasbenik Gaudenz Badrutt, je znan predvsem kot polovica elektroakusti\u010dnega dua <strong>Str\u00f8m<\/strong> (<strong>Christian M\u00fcller<\/strong> &#8211; elektronika in basovski klarinet), dua s harmonika\u0161em<strong> Jonasom Kocherjem<\/strong>, sicer pa sodeluje z glasbeniki, kot so: <strong>Burkhard Beins, Norbert M\u00f6slang, Dieb13, Diatribes\u2026 <\/strong>Njegov in\u0161trument je ra\u010dunalnik v povezavi s \u0161tevilnimi elektronskimi naparavami.<\/p>\n<p>Glasba dua Hans Koch \u2013 Gaudenz Badrutt temelji na dekonstrukciji in\u0161trumenta, na dekonstrukciji \/ rekonstrukciji zvoka, na minimalnih \u0161umih, krhkosti, gosti strukturi, humorju in intenzivnem medsebojnem poslu\u0161anju.<\/p>\n<p><strong>Povezava:<\/strong> <a href=\"http:\/\/www.gaudenzbadrutt.ch\/about\/hans-koch-gaudenz-badrutt\">gaudenzbadrutt.ch\/about\/hans-koch-gaudenz-badrutt<\/a><\/p>\n<p><span style=\"text-decoration: underline;\"><strong>Vid Dra\u0161ler \u2013 bobni<\/strong><\/span><br \/>\nPredstavitev solo zgo\u0161\u010denke <em><strong>Kramljanja <\/strong><\/em>(Zavod Sploh 2014).<\/p>\n<p><strong>Vid Dra\u0161ler<\/strong> se je sprva u\u010dil harmonike in \u0161ele kasneje odkril bobnarski set. Kot samouk je vztrajal do \u0161tirinajstega leta, ko je za\u010del hoditi na privatne lekcije in kasneje v bobnarsko \u0161olo <strong>Zlatka Kau\u010di\u010da<\/strong>. \u0160olanje je leta 2008 zaklju\u010dil z diplomo.<\/p>\n<p><img loading=\"lazy\" decoding=\"async\" src=\"https:\/\/menzaprikoritu.kudmreza.org\/wp-content\/uploads\/2014\/05\/vid-drasler-foto-iztok-vidmar.jpg\"  alt=\"vid-drasler-foto-iztok-vidmar\" width=\"450\" height=\"299\" class=\"alignnone size-full wp-image-27576\" \/> Foto: Iztok Vidmar<\/p>\n<p>Po dveh letih \u0161tudija fizike se je posvetil samo glasbi. Posnel je kopico \u017eanrsko zelo razli\u010dnih albumov. Od rocka do jazza, vse do svobodne improvizacije. Nastopa na \u0161tevilnih festivalih doma in v tujini ter sodeluje z glasbeniki, kot so: <strong>Zlatko Kau\u010di\u010d, Marko Karlov\u010dec, Vitja Bal\u017ealorsky, Jo\u0161t Dra\u0161ler, Samo Kutin, Tao G. Vrhovec Sambolec, Andrej Fon, Cene Resnik, Bo\u0161tjan Simon, Bo\u0161tjan Gomba\u010d, Janez Dov\u010d, Matija Kre\u010di\u010d, Goran Krmac, Petr Zelenka, Sabier Mateen, Luca Kezdy, Emil Gross, Mario Rechtern\u2026<\/strong><\/p>\n<p><strong>Iz kritike o festivalu Boben in Lajna:<\/strong><\/p>\n<blockquote><p>Posamezni zvoki so v njegovem svobodnem nastopu nenehno prestopali meje med dojemanjem bu\u010dne celote in njenih minimalisti\u010dnih sestavnih delov, ob tem pa so se vzajemno osvetljevali v sopostavitvi alikvotno bogatih \u0161kripanj, zjedrenih zvo\u010dnih curkov in aleatori\u010dnih zvo\u010dnih okru\u0161kov. V retrospektivi je bil to najbolj\u0161i nastop ve\u010dera, s katerim se je ponovno potrdila Dra\u0161lerjeva improvizatorska izku\u0161enost.<\/p>\n<p><strong>Andrej Ho\u010devar <\/strong><span style=\"font-size: 12.0pt; font-family: &quot;Times New Roman&quot;; mso-fareast-font-family: &quot;Times New Roman&quot;; color: #222222; mso-ansi-language: SL; mso-fareast-language: SL; mso-bidi-language: AR-SA;\" lang=\"SL\">\u2013<\/span> Radio\u0161tudent<\/p><\/blockquote>\n<p><a href=\"https:\/\/www.facebook.com\/events\/290759821102896\/\">Dogodek na Facebooku<\/a>.<\/p>\n<p><strong>Vstopnina: <\/strong>5 \u20ac.<br \/>\n<strong>Organizacija: <\/strong>Zavod Sploh in Menza pri koritu.<\/p>\n<p><img loading=\"lazy\" decoding=\"async\" class=\"alignnone size-full wp-image-27574\"  src=\"https:\/\/menzaprikoritu.kudmreza.org\/wp-content\/uploads\/2014\/05\/vid-cd.jpg\" alt=\"vid-cd\" width=\"3130\" height=\"3898\" \/><\/p>\n","protected":false},"excerpt":{"rendered":"<p>Koch \/ Badrutt:<br \/>\nHans Koch \u2013 basovski klarinet, sopranski saksofon<br \/>\nGaudenz Badrutt \u2013 elektronika<\/p>\n<p>Vid Dra\u0161ler \u2013 bobni (predstavitev solo zgo\u0161\u010denke <em><strong>Kramljanja<\/strong><\/em>, Zavod Sploh 2014)<\/p>\n","protected":false},"author":9,"featured_media":0,"comment_status":"open","ping_status":"closed","sticky":false,"template":"","format":"standard","meta":{"footnotes":""},"categories":[8],"tags":[],"class_list":["post-27573","post","type-post","status-publish","format-standard","hentry","category-program"],"_links":{"self":[{"href":"https:\/\/menzaprikoritu.kudmreza.org\/index.php?rest_route=\/wp\/v2\/posts\/27573","targetHints":{"allow":["GET"]}}],"collection":[{"href":"https:\/\/menzaprikoritu.kudmreza.org\/index.php?rest_route=\/wp\/v2\/posts"}],"about":[{"href":"https:\/\/menzaprikoritu.kudmreza.org\/index.php?rest_route=\/wp\/v2\/types\/post"}],"author":[{"embeddable":true,"href":"https:\/\/menzaprikoritu.kudmreza.org\/index.php?rest_route=\/wp\/v2\/users\/9"}],"replies":[{"embeddable":true,"href":"https:\/\/menzaprikoritu.kudmreza.org\/index.php?rest_route=%2Fwp%2Fv2%2Fcomments&post=27573"}],"version-history":[{"count":1,"href":"https:\/\/menzaprikoritu.kudmreza.org\/index.php?rest_route=\/wp\/v2\/posts\/27573\/revisions"}],"predecessor-version":[{"id":29798,"href":"https:\/\/menzaprikoritu.kudmreza.org\/index.php?rest_route=\/wp\/v2\/posts\/27573\/revisions\/29798"}],"wp:attachment":[{"href":"https:\/\/menzaprikoritu.kudmreza.org\/index.php?rest_route=%2Fwp%2Fv2%2Fmedia&parent=27573"}],"wp:term":[{"taxonomy":"category","embeddable":true,"href":"https:\/\/menzaprikoritu.kudmreza.org\/index.php?rest_route=%2Fwp%2Fv2%2Fcategories&post=27573"},{"taxonomy":"post_tag","embeddable":true,"href":"https:\/\/menzaprikoritu.kudmreza.org\/index.php?rest_route=%2Fwp%2Fv2%2Ftags&post=27573"}],"curies":[{"name":"wp","href":"https:\/\/api.w.org\/{rel}","templated":true}]}}