{"id":2469,"date":"2004-09-16T22:00:22","date_gmt":"2004-09-16T20:00:22","guid":{"rendered":"http:\/\/www.menzaprikoritu.org\/wp\/?p=2469"},"modified":"2021-11-26T23:44:37","modified_gmt":"2021-11-26T22:44:37","slug":"bridko-bebic-slovenijaslovenia","status":"publish","type":"post","link":"https:\/\/menzaprikoritu.kudmreza.org\/?p=2469","title":{"rendered":"Potujo\u010di kino Bridka Bebi\u010da predstavlja filmsko glasbeni ve\u010der &#8220;Na doma\u010dem vrtu iii &#8211; Back to the roots&#8221;"},"content":{"rendered":"<p>Audiovizuelni \u010dasovni stroj.<br \/>\nSlovenska premiera.<\/p>\n<p><strong>Kdo:<\/strong><br \/>\n&#8211; filmski del ve\u010dera: <strong>Bratko Bibi\u010d <\/strong>(zamisel, izbor gradiva, scenarij, recikla\u017ea, adaptacija, monta\u017ea&#8230;), <strong>Boris Garb <\/strong>(monta\u017ea, trik&#8230;), <strong>Neven Korda<\/strong> (super-vizija, podpora, monta\u017ea&#8230;), <strong>Ale\u0161 Trtnik <\/strong>(obdelava filmskega zvoka)   <\/p>\n<p>&#8211; glasbeno-filmski del ve\u010dera: <strong>Bratko Bibi\u010d<\/strong> &#8211; harmonika &#038; the madleys (<strong>Matja\u017e Sekne<\/strong> &#8211; violina, viola, sampler, <strong>Marjan Stani\u010d <\/strong>&#8211; tolkala), s posebnim gostom: <strong>Otto Lechner<\/strong> (Dunaj) &#8211; harmonika. <\/p>\n<p>&#8211; koncertni del ve\u010dera: <strong>Bratko Bibi\u010d &#038; the Madleys<\/strong> (+ <strong>Bogo Pe\u010dnikar <\/strong>&#8211; klarinet, bar sax), <strong>Nino de Gleria<\/strong> (bas), <strong>Ale\u0161 Rendla<\/strong> &#8211; bobni) s posebnim gostom <strong>Ottom Lechnerjem<\/strong> in z gostujo\u010dimi (5) glasbeniki orkestra &#8220;sloga na dvoru&#8221;<\/p>\n<p><strong>Zakaj:<\/strong><br \/>\nob 10. obletnici programa Kino Uho Slovenske Kinoteke, 11. obletnici Metelkove mesta, 99. obletnici nastanka slovenskega filma in kar tako, iz \u010diste muke in veselja<\/p>\n<p>Projekt je nastal v koprodukciji slovenske kinoteke &#8211; kino uho, slovenskega flmskega arhiva, zavoda alcedo, zavoda zank in scca &#8211; zavoda za sodobno umetnost.<\/p>\n<p>Projekt sta podprla MOL in Ministrstvo za kulturo RS, Fabrika 13  d.o.o. in VIS \u010compe.<\/p>\n<p><strong>Povezava:<\/strong> <a href=\"http:\/\/www.e-arhiv.org\/diva\/index.php?opt=work&#038;id=438\">e-arhiv.org<\/a><br \/>\n<strong>Organizacija:<\/strong> Menza pri koritu<\/p>\n<p><img loading=\"lazy\" decoding=\"async\" src=\"https:\/\/menzaprikoritu.kudmreza.org\/wp-content\/uploads\/2004\/09\/bridko.jpg\" alt=\"bridko\"  width=\"540\" height=\"405\" class=\"alignleft size-full wp-image-15750\" \/><\/p>\n","protected":false},"excerpt":{"rendered":"<p>Na doma\u010dem vrtu 3: Vloga, pomen in podoba harmonike v vojni, miru in revoluciji.<\/p>\n","protected":false},"author":7,"featured_media":0,"comment_status":"open","ping_status":"closed","sticky":false,"template":"","format":"standard","meta":{"footnotes":""},"categories":[8],"tags":[],"class_list":["post-2469","post","type-post","status-publish","format-standard","hentry","category-program"],"_links":{"self":[{"href":"https:\/\/menzaprikoritu.kudmreza.org\/index.php?rest_route=\/wp\/v2\/posts\/2469","targetHints":{"allow":["GET"]}}],"collection":[{"href":"https:\/\/menzaprikoritu.kudmreza.org\/index.php?rest_route=\/wp\/v2\/posts"}],"about":[{"href":"https:\/\/menzaprikoritu.kudmreza.org\/index.php?rest_route=\/wp\/v2\/types\/post"}],"author":[{"embeddable":true,"href":"https:\/\/menzaprikoritu.kudmreza.org\/index.php?rest_route=\/wp\/v2\/users\/7"}],"replies":[{"embeddable":true,"href":"https:\/\/menzaprikoritu.kudmreza.org\/index.php?rest_route=%2Fwp%2Fv2%2Fcomments&post=2469"}],"version-history":[{"count":1,"href":"https:\/\/menzaprikoritu.kudmreza.org\/index.php?rest_route=\/wp\/v2\/posts\/2469\/revisions"}],"predecessor-version":[{"id":32857,"href":"https:\/\/menzaprikoritu.kudmreza.org\/index.php?rest_route=\/wp\/v2\/posts\/2469\/revisions\/32857"}],"wp:attachment":[{"href":"https:\/\/menzaprikoritu.kudmreza.org\/index.php?rest_route=%2Fwp%2Fv2%2Fmedia&parent=2469"}],"wp:term":[{"taxonomy":"category","embeddable":true,"href":"https:\/\/menzaprikoritu.kudmreza.org\/index.php?rest_route=%2Fwp%2Fv2%2Fcategories&post=2469"},{"taxonomy":"post_tag","embeddable":true,"href":"https:\/\/menzaprikoritu.kudmreza.org\/index.php?rest_route=%2Fwp%2Fv2%2Ftags&post=2469"}],"curies":[{"name":"wp","href":"https:\/\/api.w.org\/{rel}","templated":true}]}}