{"id":2115,"date":"2008-10-05T21:00:52","date_gmt":"2008-10-05T19:00:52","guid":{"rendered":"http:\/\/www.menzaprikoritu.org\/wp\/?p=2115"},"modified":"2021-11-26T23:42:38","modified_gmt":"2021-11-26T22:42:38","slug":"kammerflimmer-kollektief-nemcijagermany","status":"publish","type":"post","link":"https:\/\/menzaprikoritu.kudmreza.org\/?p=2115","title":{"rendered":"Kammerflimmer Kollektief (Nem\u010dija)"},"content":{"rendered":"<p><strong>Koncertna serija <span class=\"caps\">LINK<\/span> v jeseni 2008<\/strong><\/p>\n<p>Kataman v sodelovanju z Menzo pri koritu najavlja:<br \/>\n<strong><br \/>\nKammerflimmer Kollektief<\/strong><\/p>\n<p>Meditativne, cineasti\u010dne zvo\u010dne pokrajine s tektonskimi pretresi in vulkansko aktivnostjo.<\/p>\n<p>Edinstvena glasbena zdru\u017eba Kammerflimmer Kollektief iz plemenite skupnosti <strong>Staubgold (Ekkehard Ehlers, No Neck Blues Band, Mapstation, Thilges 3, Autistic Daughters,\u2026)<\/strong> se v Ljubljani premierno predstavlja v svoji koncertno ute\u010deni \u00bbtrio\u00ab ina\u010dici:<\/p>\n<p>Kammerflimmer Kollektief je v sredi 90-ih v Karlsruheu zasnoval <strong>Thomas Weber.<\/strong> Sprva samostojni eksperimenti z me\u0161anjem novodobnega jazza in elektronike s pop strukturami so postopno prera\u0161\u010dali v skupinski projekt z narap\u0161\u010dajo\u010dim dele\u017eem organskega muziciranja in improvizacije. Pri kreiranju prvega albuma \u00bbMaeander\u00ab so se Webru pridru\u017eili <strong>Johannes Frisch<\/strong> na kontrabasu,<strong> Dietrich Foth <\/strong>na saksofonih,<strong> Heike Wendelin<\/strong> na violini, <strong>Michael Str\u00f6der<\/strong> na bobnih in <strong>Anne Vortisch<\/strong> na sintetizatorjih. Takole so rezultat recenzirali v reviji The Wire: \u201cInstrumentalne drona\u017ee; centralno-evropski violinski in pihalski izbruhi. Neka vrsta evropskega \u00bbdown home NoWave\u00ab\u201d.<\/p>\n<p>Leto 2003 je bilo za kolektiv prelomno \u2013 njihov \u010detrti album \u00bbCicadidae\u00ab je namre\u010d iz\u0161el za ugledno neodvisno zalo\u017ebo Staubgold, ki je kolektivu dala ustrezen in zaslu\u017een promocijski pospe\u0161ek ter ga umestila v sam vrh mednarodnih tokov nove glasbe.<\/p>\n<p>Leta 2005 je sledil izjemni album \u00bbAbsencen\u00ab, temu pa \u0161e dva 12-in\u010derja z remixi skladb z albuma Absencen, seznam raznovrstnih remikserjev <strong>(Jan Jelinek, Aoki Takamasa, N\u00d4ZE, David Last, Radian, Secondo, Lump, Sutekh)<\/strong> pa pri\u010da, kako na \u0161iroko je zavel vpliv Kammerflimmer Kollektief.<\/p>\n<p>Kolektiv je od leta 2002 prehajal skozi razli\u010dne spremembe v ekipi, takrat pa se je izoblikovalo tudi jedro dana\u0161nje postave, v kateri sta poleg Webra \u0161e Heike Aum\u00fcller in Johannes Frisch. Od leta 2004 se je trio razli\u010dica tudi vse bolj uveljavljala na koncertnih odrih, kjer je skozi improvizacijo in spontane interakcije nastajal tudi material za zadnjo plo\u0161\u010do Jinx, kjer sta triu pomagala \u0161e kitarist <strong>Martin Siewert (Trapist) <\/strong>in violinist <strong>Harald Kimmig<\/strong>.<\/p>\n<p>V tej postavi in v popolni formi se Kammerflimer Kollektief premierno predstavlja tudi v Ljubljani!<\/p>\n<p>O zadnjem albumu Jinx (Staubgold, 2007) so rekli:<\/p>\n<p>\u00bb\u0160e ena doza briljance s strani nekronanih kraljev nem\u0161ke glasbene scene. Te\u017eko je najti bend z bolj globokimi meditativnimi in razpolo\u017eenjskimi kvalitetami, kot je Kammerflimmer Kollektief. Jinx je njihov nedvomno najmo\u010dnej\u0161i dose\u017eek dosedaj. Njihova me\u0161anica jazza, improvizacije, krautrocka pod vplivom <strong>Popol Vuh\/Cluster\/Amon Duul <\/strong> in novodobne elektronike, deluje \u010dedalje mo\u010dneje od njihovega prvega albuma Maander dalje.\u00ab Stephan Bauer, Foxy Digitalis<\/p>\n<p>\u00bb\u2026na podoben na\u010din nemski bend Kammerflimmer Kollektief povzro\u010da med\u017eanrske trke, le da jih oblikuje v kratke in precizne kompozicije. Prav elegantni so v svojih kontradikcijah \u2013 nekje med toplimi odtenki zvo\u010dnih pokrajin <strong>Daniela Lanoisa<\/strong> in insektoidnim migotanjem evropskega free jazza.\u00ab Ben Ratliff, New York Times<\/p>\n<p>\u00bbVerjetno si ni lahko zamisliti glasbe, ki je te\u017eka, a ne zate\u017eena, spro\u0161\u010dena, a \u0161e vseeno resna, sladka, a ne osladna, spontana, vendar ne impulzivna, utesnjena, ampak ne nevroti\u010dna, polna, a hkrati polna praznine, na videz preprosta, a zelo delikatna, ter potepu\u0161ka, a se vseeno pra\u0161na in zale\u017eana. Malce la\u017eje pa si je zamisliti najbolj\u0161o tovrstno glasbo, saj se nam kot na pladnju ponujajo nemski improti, Kammerflimmer Kollektief.\u00ab Tadej Droljc, Radio \u0160tudent<\/p>\n<p><strong>Zasedba: Thomas Weber <\/strong>(elektri\u010dna kitara, elektronika), <strong>Heike Aum\u00fcller<\/strong> (harmonium, vokal, sintetizator, tolkala),<strong> Johannes Frisch<\/strong> (kontrabas in tolkala)<\/p>\n<p><strong>Ve\u010d v prilogi in na spodnjih naslovih:<\/strong><br \/>\n<a href=\"http:\/\/www.kammerflimmer.com\">kammerflimmer.com<\/a><br \/>\n<a href=\"http:\/\/www.myspace.co\/kammerflimmerkollektief\">myspace.com\/kammerflimmerkollektief<\/a><\/p>\n<p><strong>Vstopnina: <\/strong>6 \u20ac<\/p>\n<p><strong>Organizira:<\/strong> <a href=\"http:\/\/www.kataman.org\/slo\/event-016.html\">KUD Kataman<\/a><br \/>\nKataman_Ljubljana<br \/>\nTrnovski pristan 4<br \/>\n1000 Ljubljana<\/p>\n<p><img loading=\"lazy\" decoding=\"async\" src=\"https:\/\/menzaprikoritu.kudmreza.org\/wp-content\/uploads\/2008\/10\/kammerflimmer1.jpg\" alt=\"kammerflimmer1\"  width=\"400\" height=\"315\" class=\"alignnone size-full wp-image-21494\" \/><br \/>\n_______________________<\/p>\n<p><strong>Recenziji:<\/strong><br \/>\n&#8211; Goran Kompo\u0161, Radio \u0160tudent, 5. 10. 2008, <a href=\"http:\/\/old.radiostudent.si\/print.php?sid=16546&#038;lang=slovene\">Kammerflimmer Kollektief<\/a><br \/>\n&#8211; Goran Kompo\u0161, Mladina 41, 9. 10. 2008, <a href=\"http:\/\/www.mladina.si\/45022\/clanek\/\"><br \/>\nElektroakustika iz \u017eanrskih razpok<\/a><\/p>\n","protected":false},"excerpt":{"rendered":"<p><strong>Recenziji:<\/strong><br \/>\n&#8211; Goran Kompo\u0161, <a href=\"http:\/\/old.radiostudent.si\/print.php?sid=16546&#038;lang=slovene\">Radio \u0160tudent.<\/a><br \/>\n&#8211; Goran Kompo\u0161, <a href=\"http:\/\/www.mladina.si\/45022\/clanek\/\">Mladina.<\/a><\/p>\n","protected":false},"author":7,"featured_media":0,"comment_status":"open","ping_status":"closed","sticky":false,"template":"","format":"standard","meta":{"footnotes":""},"categories":[8],"tags":[],"class_list":["post-2115","post","type-post","status-publish","format-standard","hentry","category-program"],"_links":{"self":[{"href":"https:\/\/menzaprikoritu.kudmreza.org\/index.php?rest_route=\/wp\/v2\/posts\/2115","targetHints":{"allow":["GET"]}}],"collection":[{"href":"https:\/\/menzaprikoritu.kudmreza.org\/index.php?rest_route=\/wp\/v2\/posts"}],"about":[{"href":"https:\/\/menzaprikoritu.kudmreza.org\/index.php?rest_route=\/wp\/v2\/types\/post"}],"author":[{"embeddable":true,"href":"https:\/\/menzaprikoritu.kudmreza.org\/index.php?rest_route=\/wp\/v2\/users\/7"}],"replies":[{"embeddable":true,"href":"https:\/\/menzaprikoritu.kudmreza.org\/index.php?rest_route=%2Fwp%2Fv2%2Fcomments&post=2115"}],"version-history":[{"count":1,"href":"https:\/\/menzaprikoritu.kudmreza.org\/index.php?rest_route=\/wp\/v2\/posts\/2115\/revisions"}],"predecessor-version":[{"id":32474,"href":"https:\/\/menzaprikoritu.kudmreza.org\/index.php?rest_route=\/wp\/v2\/posts\/2115\/revisions\/32474"}],"wp:attachment":[{"href":"https:\/\/menzaprikoritu.kudmreza.org\/index.php?rest_route=%2Fwp%2Fv2%2Fmedia&parent=2115"}],"wp:term":[{"taxonomy":"category","embeddable":true,"href":"https:\/\/menzaprikoritu.kudmreza.org\/index.php?rest_route=%2Fwp%2Fv2%2Fcategories&post=2115"},{"taxonomy":"post_tag","embeddable":true,"href":"https:\/\/menzaprikoritu.kudmreza.org\/index.php?rest_route=%2Fwp%2Fv2%2Ftags&post=2115"}],"curies":[{"name":"wp","href":"https:\/\/api.w.org\/{rel}","templated":true}]}}