{"id":2095,"date":"2008-10-23T20:00:53","date_gmt":"2008-10-23T18:00:53","guid":{"rendered":"http:\/\/www.menzaprikoritu.org\/wp\/?p=2095"},"modified":"2021-11-26T23:42:37","modified_gmt":"2021-11-26T22:42:37","slug":"marko-brecelj-dani-kavas-dj-fat-freddy-video-projekcije-akcij-mehkega-terorizma","status":"publish","type":"post","link":"https:\/\/menzaprikoritu.kudmreza.org\/?p=2095","title":{"rendered":"Marko Brecelj, Dani Kava\u0161, DJ Fat Freddy + video projekcije akcij Mehkega terorizma"},"content":{"rendered":"\n<p><strong>Marko Brecelj (Koper) \u2013 vokal, kitara<\/strong><br \/>\n<strong>Dani Kavas (Prekmurje) \u2013 Borec<\/strong><\/p>\n<p><strong>Daritev za Razjan\u0161itev. Darovala bosta prekmurski \u0161kaf Dani Kava\u0161 in koprski \u0161kaf Marko Brecelj, verniki in vernice ustanavljajo\u010de skupnosti Upanja brez razloga ter vi.<\/strong><\/p>\n<p>Levi desni\u010darji so premagali desne desni\u010darje. Bili smo Slovenija, ki je baje odlo\u010dala. Bajukova odstopna faca je tudi vodji mehkoteroristi\u010dne avijacije Ale\u0161u \u017dumru \u0160embreku v \u017deleznikih olep\u0161ala ve\u010der. Za nevladje \u0161tiri leta odgovorni bodo\u010di biv\u0161i minister Virant je bil grenko razvnet. Enako Zver. Priznati moram, da nisem ostal hladen kot \u0161pricer tako kot biv\u0161i ljubljanski pod\u017eupan Milo\u0161 Pavlica; \u017ee cel ponedeljek me prijetno greje misel, da se je zgodilo Razjan\u0161enje. Prav je imel postonjski ob\u010dinski svetnik Samo Vesel; nabolj so si \u0161kodili sami. Seveda pa ni kaj slaviti! Neoliberalni kapitalni (sistem) ni niti trenil. Tudi rahla opitost s prividom soodlo\u010danja ni na mestu. Izbirati smo mogli zgolj manj\u0161e zlo. Orodjece globalne pogube, dr\u017eavico Slovenijo je pre\u0161lo enakono\u010dje. Pomlad bo pisala iz Argentine.<\/p>\n<p>Barko Mrecelj<\/p>\n<p><strong>Marko Brecelj<\/strong><br \/>\nGlasbenik, pesnik, literat, teoretik, publicist, mehki terorist, antikrist in predsednik Lige za boj proti turizmu, Mako Brecelj, je gotovo eden zgodovinsko najpomembnej\u0161ih ustvarjalcev pri nas. Nekdanji vodja nekdaj najve\u010dje jugoslovanske zasedbe Buldo\u017eer. Njegov prvenec Cocktail je pred dobrimi tridesetimi leti razburkal slovensko glasbeno javnost \u2013 po mnenju mnogih je to najbolj\u0161a plo\u0161\u010da v zgodovini slovenske popularne glasbe \u2013 pesmi z nje pa so \u0161e vedno aktualne, nekatere mogo\u010de \u0161e bolj kot v \u010dasu svojega nastanka. Veliko je nastopal samostojno in tudi v duetu z Ivanom Volari\u010dom Feom v duu Zlatni zubi in tudi v skupini Marjanov cudni zajec. \u017de dolgo uspe\u0161no vodi mladinski center <span class=\"caps\">MKC<\/span> Koper, ki skrbi za \u00bbustvarjalno podrastje\u00ab na obali. <\/p>\n<p><strong>Dani Kava\u0161<\/strong><br \/>\nPrekmurski hardkorovski kantavtor, lahkotni anarhist, te\u017ekokategorni pesnik, utemeljitelj rentgentskega stripa, folklorni razkristjanjevalec, ustanovitelj in vodja Dru\u0161tva za slovansko malome\u0161\u010dansko umetnost in zavojevalec Balkana.<br \/>\nBorec.<\/p>\n<p><strong>Vstopnina: <\/strong>5 \u20ac<\/p>\n<p><strong>Organizacija:<\/strong> Menza pri koritu.<\/p>\n<p><img loading=\"lazy\" decoding=\"async\" src=\"https:\/\/menzaprikoritu.kudmreza.org\/wp-content\/uploads\/2008\/10\/dani-kavas.jpg\" alt=\"dani-kavas\"  width=\"450\" height=\"337\" class=\"alignnone size-full wp-image-21541\" \/><\/p>\n","protected":false},"excerpt":{"rendered":"<p>Daritev za Razjan\u0161itev. <\/p>\n","protected":false},"author":7,"featured_media":0,"comment_status":"open","ping_status":"closed","sticky":false,"template":"","format":"standard","meta":{"footnotes":""},"categories":[8],"tags":[],"class_list":["post-2095","post","type-post","status-publish","format-standard","hentry","category-program"],"_links":{"self":[{"href":"https:\/\/menzaprikoritu.kudmreza.org\/index.php?rest_route=\/wp\/v2\/posts\/2095","targetHints":{"allow":["GET"]}}],"collection":[{"href":"https:\/\/menzaprikoritu.kudmreza.org\/index.php?rest_route=\/wp\/v2\/posts"}],"about":[{"href":"https:\/\/menzaprikoritu.kudmreza.org\/index.php?rest_route=\/wp\/v2\/types\/post"}],"author":[{"embeddable":true,"href":"https:\/\/menzaprikoritu.kudmreza.org\/index.php?rest_route=\/wp\/v2\/users\/7"}],"replies":[{"embeddable":true,"href":"https:\/\/menzaprikoritu.kudmreza.org\/index.php?rest_route=%2Fwp%2Fv2%2Fcomments&post=2095"}],"version-history":[{"count":1,"href":"https:\/\/menzaprikoritu.kudmreza.org\/index.php?rest_route=\/wp\/v2\/posts\/2095\/revisions"}],"predecessor-version":[{"id":32464,"href":"https:\/\/menzaprikoritu.kudmreza.org\/index.php?rest_route=\/wp\/v2\/posts\/2095\/revisions\/32464"}],"wp:attachment":[{"href":"https:\/\/menzaprikoritu.kudmreza.org\/index.php?rest_route=%2Fwp%2Fv2%2Fmedia&parent=2095"}],"wp:term":[{"taxonomy":"category","embeddable":true,"href":"https:\/\/menzaprikoritu.kudmreza.org\/index.php?rest_route=%2Fwp%2Fv2%2Fcategories&post=2095"},{"taxonomy":"post_tag","embeddable":true,"href":"https:\/\/menzaprikoritu.kudmreza.org\/index.php?rest_route=%2Fwp%2Fv2%2Ftags&post=2095"}],"curies":[{"name":"wp","href":"https:\/\/api.w.org\/{rel}","templated":true}]}}