{"id":2092,"date":"2008-10-27T20:00:47","date_gmt":"2008-10-27T18:00:47","guid":{"rendered":"http:\/\/www.menzaprikoritu.org\/wp\/?p=2092"},"modified":"2021-11-26T23:42:37","modified_gmt":"2021-11-26T22:42:37","slug":"dzez-pri-koritu-les-yeux-de-la-tete-francijafrance","status":"publish","type":"post","link":"https:\/\/menzaprikoritu.kudmreza.org\/?p=2092","title":{"rendered":"D\u017eez pri koritu: Les Yeux de la T\u00eate (Francija)"},"content":{"rendered":"<p>Francoski boben, bas in saksofon trio \u017eivahno, iskrivo in suvereno raziskuje po poljanah raznorodnih godb, ki jih vse napelje na svojstven akusti\u010den punk in funk jazz mlin. Zappa, Primusi, Hendrix, Piazzola in Stravinski se izvrstno razstopijo in razdrobijo v hrustljavo prefinjenem in lahkotnem vrelcu nenehnih obratov, asimetri\u010dnih prekucevanj in veselo poplesujo\u010dih vi\u017e.<br \/>\n<strong><br \/>\nZasedba:<\/strong><br \/>\n<strong>Luc Genau<\/strong> &#8211; bas<br \/>\n<strong>Ivan Raiman<\/strong> &#8211; bobni<br \/>\n<strong>Sam Masterplan<\/strong> &#8211; sax<\/p>\n<p><strong>Povezava:  <\/strong> <a href=\"http:\/\/www.lesyeuxdelatete.com\">www.lesyeuxdelatete.com<\/a><\/p>\n<p><strong>Vstopnina:<\/strong> 3 \u20ac<br \/>\n<strong>Organizacija:<\/strong> KUD Mre\u017ea in Menza pri koritu.<\/p>\n<p><img loading=\"lazy\" decoding=\"async\" src=\"https:\/\/menzaprikoritu.kudmreza.org\/wp-content\/uploads\/2012\/01\/les-yeux-de-la-tete1.jpg\" alt=\"les-yeux-de-la-tete1\"  width=\"675\" height=\"450\" class=\"alignnone size-full wp-image-12627\" \/><br \/>\n_______________<\/p>\n<p><strong>Recenzija:<\/strong><br \/>\n&#8211;<a href=\"http:\/\/www.rockonnet.com\/2008\/10\/les-yeux-de-la-tete-na-metelkovi\/\">Rockonnet, 31. 10. 2008 (Matja\u017e Jau\u0161ovec)<\/a><\/a><br \/>\n<strong>Fotografije:<br \/>\n&#8211;<\/strong><a href=\"http:\/\/iztokx.blogspot.com\/\">iztokx.blogspot.com.<\/a> (Iztok Vidmar)<\/p>\n","protected":false},"excerpt":{"rendered":"<p>Recenzija + fotografije:<br \/>\n-Matja\u017e Jau\u0161ovec,<br \/>\n<a href=\"http:\/\/www.rockonnet.com\/2008\/10\/les-yeux-de-la-tete-na-metelkovi\/\">Rockonnet.<\/a><br \/>\nFotografije:<br \/>\n-Iztok Vidmar, <a href=\"http:\/\/iztokx.blogspot.com\/\">iztokx.blogspot.com.<\/a><\/p>\n","protected":false},"author":7,"featured_media":0,"comment_status":"open","ping_status":"closed","sticky":false,"template":"","format":"standard","meta":{"footnotes":""},"categories":[8],"tags":[],"class_list":["post-2092","post","type-post","status-publish","format-standard","hentry","category-program"],"_links":{"self":[{"href":"https:\/\/menzaprikoritu.kudmreza.org\/index.php?rest_route=\/wp\/v2\/posts\/2092","targetHints":{"allow":["GET"]}}],"collection":[{"href":"https:\/\/menzaprikoritu.kudmreza.org\/index.php?rest_route=\/wp\/v2\/posts"}],"about":[{"href":"https:\/\/menzaprikoritu.kudmreza.org\/index.php?rest_route=\/wp\/v2\/types\/post"}],"author":[{"embeddable":true,"href":"https:\/\/menzaprikoritu.kudmreza.org\/index.php?rest_route=\/wp\/v2\/users\/7"}],"replies":[{"embeddable":true,"href":"https:\/\/menzaprikoritu.kudmreza.org\/index.php?rest_route=%2Fwp%2Fv2%2Fcomments&post=2092"}],"version-history":[{"count":1,"href":"https:\/\/menzaprikoritu.kudmreza.org\/index.php?rest_route=\/wp\/v2\/posts\/2092\/revisions"}],"predecessor-version":[{"id":32463,"href":"https:\/\/menzaprikoritu.kudmreza.org\/index.php?rest_route=\/wp\/v2\/posts\/2092\/revisions\/32463"}],"wp:attachment":[{"href":"https:\/\/menzaprikoritu.kudmreza.org\/index.php?rest_route=%2Fwp%2Fv2%2Fmedia&parent=2092"}],"wp:term":[{"taxonomy":"category","embeddable":true,"href":"https:\/\/menzaprikoritu.kudmreza.org\/index.php?rest_route=%2Fwp%2Fv2%2Fcategories&post=2092"},{"taxonomy":"post_tag","embeddable":true,"href":"https:\/\/menzaprikoritu.kudmreza.org\/index.php?rest_route=%2Fwp%2Fv2%2Ftags&post=2092"}],"curies":[{"name":"wp","href":"https:\/\/api.w.org\/{rel}","templated":true}]}}