{"id":1987,"date":"2009-01-08T22:00:05","date_gmt":"2009-01-08T20:00:05","guid":{"rendered":"http:\/\/www.menzaprikoritu.org\/wp\/?p=1987"},"modified":"2021-11-26T23:42:32","modified_gmt":"2021-11-26T22:42:32","slug":"dzez-pri-koritu-blonde-zeros-italijaitaly","status":"publish","type":"post","link":"https:\/\/menzaprikoritu.kudmreza.org\/?p=1987","title":{"rendered":"D\u017eez pri koritu: Blonde zeros (Italija)"},"content":{"rendered":"<p>Za\u010detek nove sezone D\u017eeza pri koritu z vrhunsko jazzovsko predstavo mlaj\u0161e italijanske avantgarde.<\/p>\n<p><strong>Blonde Zeros<\/strong> je zasedba treh izku\u0161enih italijanskih jazzovskih glasbenikov, ki so se \u017ee dolgo tega posvetili tovrstnemu muziciranju. Njihova agilnost se ka\u017ee z igranjem v mnogoterih projektih ter s \u0161tevilnimi sodelovanji, ki so se jih in se jih \u0161e lotevajo z mnogimi priznanimi jazzovskimi izvajalci <strong>(Jessica Lurie, Gianluigi Trovesi, Bob Mintzer). Danilo Gallo <\/strong>\u017ee lepo vrsto let vodi lastno zalo\u017ebo El Gallo Rojo, ki je v svojem dosedanjem katalogu ponudila kar nekaj odli\u010dnih izdaj. \u010clani izhajajo iz precej razli\u010dnih miljejev vendar vse tri dru\u017ei strast za ustvarjanje v polju svobodne jazzovske improvizacije, kjer se radi zgledujejo v po\u010detju njihovih njujor\u0161kih kolegov na \u010delu z Marcom Ribotom. S svojim izvirnim pristopom k muziciranju uspevajo v jazzovski godbi odkrivati vedno nove sfere tenko\u010dutnih glasbenih prvin. Enako dobro se znajdejo v standardno zvene\u010dih jazzovskih kompozicijah, kakor tudi v povsem odprtih strukturah sodobne jazzovske improvizacije. Z ravno prav\u0161njo mero slednje bodo navdu\u0161ili tudi neposve\u010dene.<\/p>\n<p><strong>Postava:<\/strong><br \/>\n<strong>Giorgio Pacorig<\/strong> (klaviature)<br \/>\n<strong>Danilo Gallo <\/strong>(kontrabas)<br \/>\n<strong>Massimiliano<\/strong> Sorrentini (bobni)<\/p>\n<p><strong>Diskografija:<\/strong><br \/>\nZaenkrat so \u0161e brez posnetkov, vendar se bodo v Sloveniji oglasili prav s tem namenom. V dveh snemalnih dneh nameravajo v studiu Bla\u017ea Celarca posneti material za svojo prvo skupno plo\u0161\u010do. Obenem izkori\u0161\u010dajo to prilo\u017enost za edinstveno koncertno izku\u0161njo v Menzi pri koritu, ki z njimi otvarja leto\u0161njo serialko D\u017eez pri koritu.<\/p>\n<p><strong>Splet:<\/strong><br \/>\n<a href=\"https:\/\/myspace.com\/blondezeros\u200e\">myspace.com\/blondezeros\u200e<br \/>\n<\/a><br \/>\n<strong>Vstopnina:<\/strong> 3 \u20ac<br \/>\n<strong>Organizacija:<\/strong> KUD Mre\u017ea in Menza pri koritu.<\/p>\n<p><img loading=\"lazy\" decoding=\"async\" src=\"https:\/\/menzaprikoritu.kudmreza.org\/wp-content\/uploads\/2009\/01\/blonde-zeros.jpg\" alt=\"blonde-zeros\"  width=\"424\" height=\"600\" class=\"alignnone size-full wp-image-22083\" \/><br \/>\n___________________<\/p>\n<p><strong>Recenzije:<\/strong><br \/>\n&#8211; Andrej Ho\u010devar, <a href=\"http:\/\/old.radiostudent.si\/article.php?sid=17619&#038;newlang=english\">Blonde Zeros!!!<\/a>, Radio \u0160tudent, 10. 1. 2009.<\/p>\n<p><strong>Fotografije:<\/strong><br \/>\n&#8211; KUD Mre\u017ea, <a href=\"http:\/\/www.flickr.com\/photos\/kudmreza\/sets\/72157633035251028\/with\/8571767088\/\">Flickr<\/a>.<\/p>\n","protected":false},"excerpt":{"rendered":"<p><strong>Recenzije:<\/strong><br \/>\n&#8211; Andrej Ho\u010devar, <a href=\"http:\/\/old.radiostudent.si\/article.php?sid=17619&#038;newlang=english\">Radio \u0160tudent<\/a>.<\/p>\n<p><strong>Fotografije:<\/strong><br \/>\n&#8211; KUD Mre\u017ea, <a href=\"http:\/\/www.flickr.com\/photos\/kudmreza\/sets\/72157633035251028\/with\/8571767088\/\">Flickr<\/a>.<\/p>\n","protected":false},"author":7,"featured_media":0,"comment_status":"open","ping_status":"closed","sticky":false,"template":"","format":"standard","meta":{"footnotes":""},"categories":[8],"tags":[],"class_list":["post-1987","post","type-post","status-publish","format-standard","hentry","category-program"],"_links":{"self":[{"href":"https:\/\/menzaprikoritu.kudmreza.org\/index.php?rest_route=\/wp\/v2\/posts\/1987","targetHints":{"allow":["GET"]}}],"collection":[{"href":"https:\/\/menzaprikoritu.kudmreza.org\/index.php?rest_route=\/wp\/v2\/posts"}],"about":[{"href":"https:\/\/menzaprikoritu.kudmreza.org\/index.php?rest_route=\/wp\/v2\/types\/post"}],"author":[{"embeddable":true,"href":"https:\/\/menzaprikoritu.kudmreza.org\/index.php?rest_route=\/wp\/v2\/users\/7"}],"replies":[{"embeddable":true,"href":"https:\/\/menzaprikoritu.kudmreza.org\/index.php?rest_route=%2Fwp%2Fv2%2Fcomments&post=1987"}],"version-history":[{"count":1,"href":"https:\/\/menzaprikoritu.kudmreza.org\/index.php?rest_route=\/wp\/v2\/posts\/1987\/revisions"}],"predecessor-version":[{"id":32424,"href":"https:\/\/menzaprikoritu.kudmreza.org\/index.php?rest_route=\/wp\/v2\/posts\/1987\/revisions\/32424"}],"wp:attachment":[{"href":"https:\/\/menzaprikoritu.kudmreza.org\/index.php?rest_route=%2Fwp%2Fv2%2Fmedia&parent=1987"}],"wp:term":[{"taxonomy":"category","embeddable":true,"href":"https:\/\/menzaprikoritu.kudmreza.org\/index.php?rest_route=%2Fwp%2Fv2%2Fcategories&post=1987"},{"taxonomy":"post_tag","embeddable":true,"href":"https:\/\/menzaprikoritu.kudmreza.org\/index.php?rest_route=%2Fwp%2Fv2%2Ftags&post=1987"}],"curies":[{"name":"wp","href":"https:\/\/api.w.org\/{rel}","templated":true}]}}