{"id":1985,"date":"2009-01-09T22:00:35","date_gmt":"2009-01-09T20:00:35","guid":{"rendered":"http:\/\/www.menzaprikoritu.org\/wp\/?p=1985"},"modified":"2021-11-26T23:42:32","modified_gmt":"2021-11-26T22:42:32","slug":"belgrade-noise-society-srbija","status":"publish","type":"post","link":"https:\/\/menzaprikoritu.kudmreza.org\/?p=1985","title":{"rendered":"Belgrade Noise Society (Srbija)"},"content":{"rendered":"<p>Letos se bodo <strong>Belgrade Noise Sociaty<\/strong> predstavili ljubljanski publiki kot kvintet. Za\u010detnikom projekta, kitaristu <strong>WoOju<\/strong> in basistu <strong>Milo\u0161u Pajagi\u0107u <\/strong>se bodo pridru\u017eili <strong>Du\u0161an Damjanovi\u0107 <\/strong>na bobnih, klavijaturist in elektroni\u010dar <strong>Du\u0161an \u017dica<\/strong>, kitarist <strong>Ivan \u010coknjevi\u0107<\/strong>, ki je pred dvema letoma \u017ee nastopil z to skupino v Menzi pri koritu, vendar takrat s <strong>Petrom \u0160\u00fcklarjem<\/strong> na bobnih, <strong>Simonom Tavallierjem <\/strong>na tolkalih ter <strong>Borutom Dolencem<\/strong> na kitari in saksofonistko <strong>Bredo Krumpak<\/strong>. V tej zasedbi bodo letos izdali album, ki bo iz\u0161el v Herbarium Records &#8211; lani ustanovljeni Woojevi zalo\u017ebi. <\/p>\n<p><strong>Vstopnina: <\/strong>3 \u20ac<br \/>\n<strong>Organizacija<\/strong>: Menza pri koritu.<\/p>\n<p><img loading=\"lazy\" decoding=\"async\" src=\"https:\/\/menzaprikoritu.kudmreza.org\/wp-content\/uploads\/2009\/01\/belgrade-noise.jpg\" alt=\"belgrade-noise\"  width=\"768\" height=\"576\" class=\"alignnone size-full wp-image-22098\" \/><br \/>\n______________<\/p>\n<p>Posnetek iz Menze pri koritu:<\/p>\n<p><iframe loading=\"lazy\" width=\"450\" height=\"252\" src=\"http:\/\/www.youtube.com\/embed\/YgVQbG0zhW0?feature=player_detailpage\" frameborder=\"0\" allowfullscreen><\/iframe><\/p>\n<p><strong>Recenzija:<\/strong><br \/>\n&#8211; Goran Kompo\u0161, <a href=\"http:\/\/old.radiostudent.si\/article.php?sid=17622&#038;newlang=english\">Belgrade Noise Society!!!<\/a>, Radio \u0160tudent, 11. 1. 2009.<\/p>\n","protected":false},"excerpt":{"rendered":"<p><strong>Recenzija:<\/strong><br \/>\n&#8211; Goran Kompo\u0161, <a href=\"http:\/\/old.radiostudent.si\/article.php?sid=17622&#038;newlang=english\">Radio \u0160tudent<\/a>.<\/p>\n","protected":false},"author":7,"featured_media":0,"comment_status":"open","ping_status":"closed","sticky":false,"template":"","format":"standard","meta":{"footnotes":""},"categories":[8],"tags":[],"class_list":["post-1985","post","type-post","status-publish","format-standard","hentry","category-program"],"_links":{"self":[{"href":"https:\/\/menzaprikoritu.kudmreza.org\/index.php?rest_route=\/wp\/v2\/posts\/1985","targetHints":{"allow":["GET"]}}],"collection":[{"href":"https:\/\/menzaprikoritu.kudmreza.org\/index.php?rest_route=\/wp\/v2\/posts"}],"about":[{"href":"https:\/\/menzaprikoritu.kudmreza.org\/index.php?rest_route=\/wp\/v2\/types\/post"}],"author":[{"embeddable":true,"href":"https:\/\/menzaprikoritu.kudmreza.org\/index.php?rest_route=\/wp\/v2\/users\/7"}],"replies":[{"embeddable":true,"href":"https:\/\/menzaprikoritu.kudmreza.org\/index.php?rest_route=%2Fwp%2Fv2%2Fcomments&post=1985"}],"version-history":[{"count":1,"href":"https:\/\/menzaprikoritu.kudmreza.org\/index.php?rest_route=\/wp\/v2\/posts\/1985\/revisions"}],"predecessor-version":[{"id":32423,"href":"https:\/\/menzaprikoritu.kudmreza.org\/index.php?rest_route=\/wp\/v2\/posts\/1985\/revisions\/32423"}],"wp:attachment":[{"href":"https:\/\/menzaprikoritu.kudmreza.org\/index.php?rest_route=%2Fwp%2Fv2%2Fmedia&parent=1985"}],"wp:term":[{"taxonomy":"category","embeddable":true,"href":"https:\/\/menzaprikoritu.kudmreza.org\/index.php?rest_route=%2Fwp%2Fv2%2Fcategories&post=1985"},{"taxonomy":"post_tag","embeddable":true,"href":"https:\/\/menzaprikoritu.kudmreza.org\/index.php?rest_route=%2Fwp%2Fv2%2Ftags&post=1985"}],"curies":[{"name":"wp","href":"https:\/\/api.w.org\/{rel}","templated":true}]}}