{"id":1553,"date":"2009-06-28T22:00:21","date_gmt":"2009-06-28T20:00:21","guid":{"rendered":"http:\/\/www.menzaprikoritu.org\/wp\/?p=1553"},"modified":"2021-11-26T23:41:22","modified_gmt":"2021-11-26T22:41:22","slug":"2-festival-mlade-rime-festival-mlade-in-neuveljavljene-poezije-2","status":"publish","type":"post","link":"https:\/\/menzaprikoritu.kudmreza.org\/?p=1553","title":{"rendered":"2. Festival Mlade rime \u2013 festival mlade in neuveljavljene poezije"},"content":{"rendered":"<p><img loading=\"lazy\" decoding=\"async\" class=\"alignnone size-full wp-image-22664\"  src=\"https:\/\/menzaprikoritu.kudmreza.org\/wp-content\/uploads\/2009\/06\/mr.jpg\" alt=\"mr\" width=\"150\" height=\"212\" \/><\/p>\n<p><span class=\"caps\">Predzadnji<\/span> <span class=\"caps\">dan<\/span>: <span class=\"caps\">Bilo<\/span> je neko\u010d \u2026<\/p>\n<p>Branje pesnikov in pesnic iz biv\u0161ih jugoslovanskih republik, ki ustvarjajo v Sloveniji v svojem maternem ter tudi v sloveskem jeziku in se zbirajo okoli revije <em><strong>Paralele<\/strong><\/em><span class=\"caps\">:<\/span><\/p>\n<p><strong>Branko Ba\u0107ovi\u0107<\/strong><br \/>\n<strong>Septembar Crni <\/strong>\u2013 pesni\u0161ko glasbeni duet<\/p>\n<p>Gosta iz Novega Sada, pesnika mlaj\u0161e generacije:<strong> Jovan Jak\u0161i\u0107<\/strong> in <strong>Sini\u0161a Tuci\u0107<\/strong>.<\/p>\n<p>Bilo je neko\u010d v Jugoslaviji\u2026<\/p>\n<p><strong>Prost vstop.<\/strong><br \/>\n<strong>Organizacija:<\/strong> KUD Kentaver in Menza pri koritu.<\/p>\n","protected":false},"excerpt":{"rendered":"<p>Bilo je neko\u010d v Jugoslaviji&#8230;<\/p>\n","protected":false},"author":7,"featured_media":0,"comment_status":"open","ping_status":"closed","sticky":false,"template":"","format":"standard","meta":{"footnotes":""},"categories":[8],"tags":[],"class_list":["post-1553","post","type-post","status-publish","format-standard","hentry","category-program"],"_links":{"self":[{"href":"https:\/\/menzaprikoritu.kudmreza.org\/index.php?rest_route=\/wp\/v2\/posts\/1553","targetHints":{"allow":["GET"]}}],"collection":[{"href":"https:\/\/menzaprikoritu.kudmreza.org\/index.php?rest_route=\/wp\/v2\/posts"}],"about":[{"href":"https:\/\/menzaprikoritu.kudmreza.org\/index.php?rest_route=\/wp\/v2\/types\/post"}],"author":[{"embeddable":true,"href":"https:\/\/menzaprikoritu.kudmreza.org\/index.php?rest_route=\/wp\/v2\/users\/7"}],"replies":[{"embeddable":true,"href":"https:\/\/menzaprikoritu.kudmreza.org\/index.php?rest_route=%2Fwp%2Fv2%2Fcomments&post=1553"}],"version-history":[{"count":1,"href":"https:\/\/menzaprikoritu.kudmreza.org\/index.php?rest_route=\/wp\/v2\/posts\/1553\/revisions"}],"predecessor-version":[{"id":32304,"href":"https:\/\/menzaprikoritu.kudmreza.org\/index.php?rest_route=\/wp\/v2\/posts\/1553\/revisions\/32304"}],"wp:attachment":[{"href":"https:\/\/menzaprikoritu.kudmreza.org\/index.php?rest_route=%2Fwp%2Fv2%2Fmedia&parent=1553"}],"wp:term":[{"taxonomy":"category","embeddable":true,"href":"https:\/\/menzaprikoritu.kudmreza.org\/index.php?rest_route=%2Fwp%2Fv2%2Fcategories&post=1553"},{"taxonomy":"post_tag","embeddable":true,"href":"https:\/\/menzaprikoritu.kudmreza.org\/index.php?rest_route=%2Fwp%2Fv2%2Ftags&post=1553"}],"curies":[{"name":"wp","href":"https:\/\/api.w.org\/{rel}","templated":true}]}}