{"id":1549,"date":"2009-06-29T15:00:58","date_gmt":"2009-06-29T13:00:58","guid":{"rendered":"http:\/\/www.menzaprikoritu.org\/wp\/?p=1549"},"modified":"2021-11-26T23:41:22","modified_gmt":"2021-11-26T22:41:22","slug":"pocitniske-kreaktivnosti-v-menzi-pri-koritu-med-29-6-in-10-7-2009","status":"publish","type":"post","link":"https:\/\/menzaprikoritu.kudmreza.org\/?p=1549","title":{"rendered":"Po\u010ditni\u0161ke KreAktivnosti v Menzi pri koritu med 29. 6. in 10. 7. 2009"},"content":{"rendered":"<p><strong>Po\u010ditni\u0161ke KreAktivnosti v Menzi pri koritu<\/strong><\/p>\n<p>Od 29. junija do 10. julija bo, v Mladinskem centru Menza pri koritu, potekal prvi del brezpla\u010dnih po\u010ditni\u0161kih delavnic za razli\u010dne starostne skupine. Najmlaj\u0161i bodo lahko ustvarjalno, pou\u010dno in igrivo pre\u017eivljali prosti \u010das, nekoliko starej\u0161i pa se bodo spoznali s sitotiskarsko tehniko.<\/p>\n<p><strong>Delavnice organizirata <span class=\"caps\">KUD<\/span> Anarhiv in <span class=\"caps\">KUD<\/span> Mre\u017ea.<\/strong><\/p>\n<p>Ustvarjalne delavnice za otroke<\/p>\n<p>Delavnice so namenjene otrokom od 5. do 15. leta starosti.<\/p>\n<p>Od ponedeljka, 29. 6., do petka, 3. 7., med 14:00 in 17:00<\/p>\n<p><span style=\"text-decoration: underline;\"><strong>Recikla\u017eni been<\/strong><\/span><\/p>\n<p>Been je pihalni glasbeni instrument indijskih hipnotizerjev ka\u010d. Recikla\u017eni been je narejen iz odpadne plasti\u010dne embala\u017ee, vendar presenetljivo podobno zvene\u010d originalu. Primeren je za hipnotiziranje belou\u0161k in de\u017eevnikov\u2026<\/p>\n<p>Delavnico bo vodil Andrej Fon iz <span class=\"caps\">KUD<\/span> Mre\u017ea.<\/p>\n<p>Ponedeljek, 29. 6. od 15.00 do 17.00<\/p>\n<p><span style=\"text-decoration: underline;\"><strong>\u017dongliranje<\/strong><\/span><\/p>\n<p>Na delavnici, ki je namenjena otrokom (od 10. leta dalje) in mladostnikom, boste lahko spoznali razli\u010dne \u017eonglerske pripomo\u010dke ter se preizkusili z njimi. \u017dogice, kiji in palice bodo leteli po zraku ob pomo\u010di vas in Gregorja iz dru\u0161tva Cirkokrog.<\/p>\n<p>\u010ce imate svoje pripomo\u010dke jih prinesite s seboj, \u010de pa ne pa jih boste dobili v Menzi pri koritu.<\/p>\n<p>Ponedeljek, 29. 6., od 12:00 do 15:00<\/p>\n<p><span style=\"text-decoration: underline;\"><strong>Ujeti trenutek<\/strong><\/span><\/p>\n<p>Na delavnici bomo iz odpadnega materiala izdelovali okvirje za slike, ob tem pa se pogovarjali o razli\u010dnih okoljskih tematikah kot so ogromne koli\u010dine zavr\u017eenega materiala (ki ima \u0161e vedno uporabno vrednost) ter posledi\u010dno onesna\u017eevanje okolja, ki ga prina\u0161a potro\u0161ni\u0161tvo . Sami okvirji so simbol za ujeti trenutek, trenutek, ki se ne more ve\u010d povrniti, kar pa lahko naredimo, je da sku\u0161amo zagotoviti okoli\u0161\u010dine za nov podoben trenutek.<\/p>\n<p>Material: odpadni karton,odpadni gumbi, volna, razni mali ko\u0161\u010dki plastike, lepilo, \u0161karje, recikla\u017ea<\/p>\n<p>Delavnice bosta vodili Ana Jereb in Martina Urbas iz <span class=\"caps\">KUD<\/span> Anarhiv.<\/p>\n<p>Torek, 30. 6., od 11:00 do 17:00<\/p>\n<p><span style=\"text-decoration: underline;\"><strong>Sen\u010dno gledali\u0161\u010de<\/strong><\/span><\/p>\n<p>Sen\u010dno gledali\u0161\u010de ima vsaj dva tiso\u010d let staro tradicijo, izvira iz Indije, od koder se je zelo zgodaj preselilo v Indonezijo, nato se je s trgovci \u0161irilo po svetu in marsikje so ga sprejeli za svojega. Poznali smo ga tudi na Balkanu. Televizija danes prevzela mesto, ki je neko\u010d pripadalo sen\u010dnim lutkam in le \u0161e redki zanesenjaki ohranjajo tradicijo sen\u010dnega gledali\u0161\u010da pri \u017eivljenju, po ve\u010dini v turisti\u010dne namene.<\/p>\n<p>Delavnico bo vodil Andrej Fon iz <span class=\"caps\">KUD<\/span> Mre\u017ea.<\/p>\n<p>Torek, 30. 6., od 12:00 do 15:00<\/p>\n<p><span style=\"text-decoration: underline;\"><strong>Naj zacveti v tvojem domu<\/strong><\/span><\/p>\n<p>Izdelali bomo sobni cvetli\u010dni lon\u010dek in ga poslikali z zgodbicami o \u017eivljenju narave in na\u0161i vlogi pri ohranjanju ravnovesja med \u010dlovekom in naravo.<\/p>\n<p>Materiali: krep papir, papir, prti\u010dki, \u017eica, pali\u010dice za ra\u017enji\u010de, \u0161karje, lepilo<\/p>\n<p>recikla\u017ea<\/p>\n<p>Delavnice bosta vodili Ana Jereb in Martina Urbas iz <span class=\"caps\">KUD<\/span> Anarhiv.<\/p>\n<p>Sreda, 1. 7., od 12:00 do 15:00<\/p>\n<p><span style=\"text-decoration: underline;\"><strong>Naj tudi vam posveti<\/strong><\/span><\/p>\n<p>Na delavnici bomo izdelovali lanterne iz odpadnega materiala. Delavnica je namenjena kreativnosti in spodbujanju domi\u0161ljije v smislu senzibilizacije otrok in mladih za aktivno sodelovanje v iskanju ekolo\u0161ke uporabne vrednosti v vsakdanjem \u017eivljenju.<\/p>\n<p>Material:odpadne plo\u010devinke ali kozarci, lepilo, akrilne barve, \u017eica, kle\u0161\u010de, \u010dopi\u010di<\/p>\n<p>recikla\u017ea<\/p>\n<p>Delavnice bosta vodili Ana Jereb in Martina Urbas iz <span class=\"caps\">KUD<\/span> Anarhiv.<\/p>\n<p>\u010cetrtek, 2. 7., od 12h do 15h<\/p>\n<p><span style=\"text-decoration: underline;\"><strong>Tudi ti si metulj<\/strong><\/span><\/p>\n<p>Delavnica za spodbujanje razmi\u0161ljanja izven konvencionalnih okvirjev na podlagi vzpostavljanj relacij med naravo in dru\u017ebenimi, vsakdanjimi odnosi. Izdelali bomo vise\u010de metulje.<\/p>\n<p>Materiali: \u017eica, lepilo, odpadne najlonke, palica, \u0161karje, kle\u0161\u010de<\/p>\n<p>recikla\u017ea<\/p>\n<p>Delavnice bosta vodili Ana Jereb in Martina Urbas iz <span class=\"caps\">KUD<\/span> Anarhiv.<\/p>\n<p>Petek, 3. 7., od 12:00 do 15:00<\/p>\n<p><span style=\"text-decoration: underline;\"><strong>Multimaterialno=multukulturalno<\/strong><\/span><\/p>\n<p>Ob skupinskem izdelovanju mozaika iz razli\u010dnih recikla\u017enih materialov se bomo u\u010dili solidarnosti, sodelovanja, spodbujanju razli\u010dnosti, strpnosti in so\u017eitja.<\/p>\n<p>Materiali: papir, lepilo, podlaga-\u0161eleshamer ali karton, blago, \u0161karje, volna,\u2026<\/p>\n<p>recikla\u017ea<\/p>\n<p>Delavnice bosta vodili Ana Jereb in Martina Urbas iz <span class=\"caps\">KUD<\/span> Anarhiv.<\/p>\n<p>Sobota, 4. 7., od 12:00 do 15:00<\/p>\n<p><span style=\"text-decoration: underline;\"><strong>Katerega spola je tvoja lutka<\/strong><\/span><\/p>\n<p>Ob izdelovanju lutk se bomo pogovarjali in razkrivali raznovrstnosti in razli\u010dnosti, ki nas obdajajo in tvorijo na\u0161 simbolni svet ter krepili nehierarhi\u010dno vrednotenje.<\/p>\n<p>Materiali: odpadno blago, dass masa, akrilne barve, \u017eica\u2026<\/p>\n<p>recikla\u017ea<\/p>\n<p>Delavnice bosta vodili Ana Jereb in Martina Urbas iz <span class=\"caps\">KUD<\/span> Anarhiv.<\/p>\n<p><span style=\"text-decoration: underline;\"><strong>Sitotiskarska delavnica<\/strong><\/span><\/p>\n<p>Torek, 7. 7., in sreda, 8. 7., od 14:00 do 20:00<\/p>\n<p>Delavnice so namenjene mladim od 15. do 30. leta starosti.<\/p>\n<p>V pravkar prenovljeni sitotiskarski delavnici MetaTisk bomo spoznali celoten postopek sitotiskarske tehnike. Tehnika je izredno uporabna, saj nam omogo\u010da tiskanje na celo vrsto materialov, od tekstila (majice, na\u0161itki, torbe), preko cele vrste materialov (v\u017eigalniki, obeski), do papirja (plakati, letaki). Oblikovali bomo svojo predlogo in jo na koncu natisnili. Delavnica ne zahteva predznanj in je namenjena vsem, ki jih zanima grafi\u010dno oblikovanje in grafi\u010dni postopki v tiskarstvu.<\/p>\n<p>Delavnico bosta vodili Sabine Guelcher iz Nizozemske in Rakel Valenzuela iz \u0160panije, ki sta udele\u017eenki evropske prostovoljne slu\u017ebe v Art centeru Sredi\u0161\u010de.<\/p>\n<p>Delovanje Mladinskega centra Menza pri koritu podpirata: Urad RS za mladino in Urad <span class=\"caps\">MOL<\/span> za mladino.<\/p>\n<p>Dejavnosti <span class=\"caps\">KUD<\/span> Anarhiv podpirajo: Urad RS za mladino, Urad za mladino <span class=\"caps\">MOL<\/span> in Oddelek za pred\u0161olsko vzgojo <span class=\"caps\">MOL<\/span>.<\/p>\n<p>Informacije in prijave: mladamenza@gmail.com, 01 434 0345<\/p>\n<p>030 344 335 (Goran Medjugorac).<br \/>\n<img loading=\"lazy\" decoding=\"async\" class=\"alignnone size-full wp-image-1550\"  src=\"https:\/\/menzaprikoritu.kudmreza.org\/wp-content\/uploads\/2009\/12\/425.jpg\" alt=\"425\" width=\"416\" height=\"591\" srcset=\"https:\/\/menzaprikoritu.kudmreza.org\/wp-content\/uploads\/2009\/12\/425.jpg 416w, https:\/\/menzaprikoritu.kudmreza.org\/wp-content\/uploads\/2009\/12\/425-211x300.jpg 211w\" sizes=\"auto, (max-width: 416px) 100vw, 416px\" \/><\/p>\n<p><strong>Prost vstop.<\/strong><br \/>\n<strong>Organizacija:<\/strong> KUD Anarhiv, KUD Mre\u017ea in Menza pri koritu.<\/p>\n","protected":false},"excerpt":{"rendered":"<p>Ustvarjalne delavnice. <\/p>\n","protected":false},"author":7,"featured_media":0,"comment_status":"open","ping_status":"closed","sticky":false,"template":"","format":"standard","meta":{"footnotes":""},"categories":[8],"tags":[],"class_list":["post-1549","post","type-post","status-publish","format-standard","hentry","category-program"],"_links":{"self":[{"href":"https:\/\/menzaprikoritu.kudmreza.org\/index.php?rest_route=\/wp\/v2\/posts\/1549","targetHints":{"allow":["GET"]}}],"collection":[{"href":"https:\/\/menzaprikoritu.kudmreza.org\/index.php?rest_route=\/wp\/v2\/posts"}],"about":[{"href":"https:\/\/menzaprikoritu.kudmreza.org\/index.php?rest_route=\/wp\/v2\/types\/post"}],"author":[{"embeddable":true,"href":"https:\/\/menzaprikoritu.kudmreza.org\/index.php?rest_route=\/wp\/v2\/users\/7"}],"replies":[{"embeddable":true,"href":"https:\/\/menzaprikoritu.kudmreza.org\/index.php?rest_route=%2Fwp%2Fv2%2Fcomments&post=1549"}],"version-history":[{"count":1,"href":"https:\/\/menzaprikoritu.kudmreza.org\/index.php?rest_route=\/wp\/v2\/posts\/1549\/revisions"}],"predecessor-version":[{"id":32303,"href":"https:\/\/menzaprikoritu.kudmreza.org\/index.php?rest_route=\/wp\/v2\/posts\/1549\/revisions\/32303"}],"wp:attachment":[{"href":"https:\/\/menzaprikoritu.kudmreza.org\/index.php?rest_route=%2Fwp%2Fv2%2Fmedia&parent=1549"}],"wp:term":[{"taxonomy":"category","embeddable":true,"href":"https:\/\/menzaprikoritu.kudmreza.org\/index.php?rest_route=%2Fwp%2Fv2%2Fcategories&post=1549"},{"taxonomy":"post_tag","embeddable":true,"href":"https:\/\/menzaprikoritu.kudmreza.org\/index.php?rest_route=%2Fwp%2Fv2%2Ftags&post=1549"}],"curies":[{"name":"wp","href":"https:\/\/api.w.org\/{rel}","templated":true}]}}